{"id":18554,"date":"2022-07-05T10:50:00","date_gmt":"2022-07-05T15:50:00","guid":{"rendered":"https:\/\/mitchellhamline.edu\/news\/?p=18554"},"modified":"2022-07-06T09:40:26","modified_gmt":"2022-07-06T14:40:26","slug":"alum-couple-opens-law-themed-coffee-shop","status":"publish","type":"post","link":"https:\/\/mitchellhamline.edu\/news\/2022\/07\/05\/alum-couple-opens-law-themed-coffee-shop\/","title":{"rendered":"Alum couple opens law-themed coffee shop"},"content":{"rendered":"<div id=\"attachment_18556\" style=\"width: 310px\" class=\"wp-caption alignright\"><img loading=\"lazy\" decoding=\"async\" aria-describedby=\"caption-attachment-18556\" class=\"size-medium wp-image-18556\" src=\"https:\/\/mitchellhamline.edu\/news\/wp-content\/uploads\/sites\/12\/2022\/07\/coffee1-300x222.jpg\" alt=\"\" width=\"300\" height=\"222\" srcset=\"https:\/\/mitchellhamline.edu\/news\/wp-content\/uploads\/sites\/12\/2022\/07\/coffee1-300x222.jpg 300w, https:\/\/mitchellhamline.edu\/news\/wp-content\/uploads\/sites\/12\/2022\/07\/coffee1-1024x758.jpg 1024w, https:\/\/mitchellhamline.edu\/news\/wp-content\/uploads\/sites\/12\/2022\/07\/coffee1-768x568.jpg 768w, https:\/\/mitchellhamline.edu\/news\/wp-content\/uploads\/sites\/12\/2022\/07\/coffee1-1536x1137.jpg 1536w, https:\/\/mitchellhamline.edu\/news\/wp-content\/uploads\/sites\/12\/2022\/07\/coffee1.jpg 2000w\" sizes=\"auto, (max-width: 300px) 100vw, 300px\" \/><p id=\"caption-attachment-18556\" class=\"wp-caption-text\">Inti Mart\u00ednez-Alem\u00e1n &#8217;16 and Ofelia Ponce &#8217;21<\/p><\/div>\n<p>A married couple who both attended Mitchell Hamline recently opened what they believe might be the first law-themed coffee shop in the country. Using the Spanish word for \u201clawyers,\u201d Abogados Caf\u00e9 sits below the law office Inti Martinez-Alem\u00e1n \u201916 and Ofelia Ponce \u201919 run in the Como Park neighborhood of St. Paul.<\/p>\n<p>The idea for the shop was born from the pair\u2019s own experience seeking out coffee, as detailed in a recent St. Paul Pioneer Press article:<\/p>\n<p><em>While working in the office, they would have to drive a ways for coffee, and oftentimes from a chain coffee shop. Ponce has always loved coffee, so she thought starting her own caf\u00e9 would be a great idea.<\/em><\/p>\n<p><em>In order to rezone the property, Ponce and Mart\u00ednez-Alem\u00e1n had to collect signatures from neighborhood residents. Before even hearing the plans for Abogados Caf\u00e9, neighbors were saying \u201cOh, a coffee shop would be nice.\u201d<\/em><\/p>\n<div id=\"attachment_18557\" style=\"width: 310px\" class=\"wp-caption alignright\"><img loading=\"lazy\" decoding=\"async\" aria-describedby=\"caption-attachment-18557\" class=\"size-medium wp-image-18557\" src=\"https:\/\/mitchellhamline.edu\/news\/wp-content\/uploads\/sites\/12\/2022\/07\/coffee3-300x225.jpg\" alt=\"\" width=\"300\" height=\"225\" srcset=\"https:\/\/mitchellhamline.edu\/news\/wp-content\/uploads\/sites\/12\/2022\/07\/coffee3-300x225.jpg 300w, https:\/\/mitchellhamline.edu\/news\/wp-content\/uploads\/sites\/12\/2022\/07\/coffee3-1024x768.jpg 1024w, https:\/\/mitchellhamline.edu\/news\/wp-content\/uploads\/sites\/12\/2022\/07\/coffee3-768x576.jpg 768w, https:\/\/mitchellhamline.edu\/news\/wp-content\/uploads\/sites\/12\/2022\/07\/coffee3-1536x1152.jpg 1536w, https:\/\/mitchellhamline.edu\/news\/wp-content\/uploads\/sites\/12\/2022\/07\/coffee3-2048x1536.jpg 2048w\" sizes=\"auto, (max-width: 300px) 100vw, 300px\" \/><p id=\"caption-attachment-18557\" class=\"wp-caption-text\">Ofelia Ponce &#8217;21 at the counter at Abogados Cafe.<\/p><\/div>\n<p>Martinez-Alem\u00e1n and Ponce both grew up on Honduras and were high school sweethearts, according to the news site Bring Me The News:<\/p>\n<p><em>The couple moved to Minnesota around four and a half years ago and founded\u00a0<a href=\"https:\/\/www.ceibaforte.com\/\" target=\"_blank\" rel=\"noopener\">Ceiba F\u00f4rte Law Firm<\/a>, where they serve Spanish-speaking clients in business, civil and employment litigation matters.<\/em><\/p>\n<p><em>Opening a coffee shop was always a dream, Ponce said. A couple of years ago, she began envisioning a place where Latin American culture would be celebrated and the community would feel welcomed.<\/em><\/p>\n<div id=\"attachment_18558\" style=\"width: 310px\" class=\"wp-caption alignright\"><img loading=\"lazy\" decoding=\"async\" aria-describedby=\"caption-attachment-18558\" class=\"size-medium wp-image-18558\" src=\"https:\/\/mitchellhamline.edu\/news\/wp-content\/uploads\/sites\/12\/2022\/07\/coffee2-300x225.jpg\" alt=\"\" width=\"300\" height=\"225\" srcset=\"https:\/\/mitchellhamline.edu\/news\/wp-content\/uploads\/sites\/12\/2022\/07\/coffee2-300x225.jpg 300w, https:\/\/mitchellhamline.edu\/news\/wp-content\/uploads\/sites\/12\/2022\/07\/coffee2-1024x768.jpg 1024w, https:\/\/mitchellhamline.edu\/news\/wp-content\/uploads\/sites\/12\/2022\/07\/coffee2-768x576.jpg 768w, https:\/\/mitchellhamline.edu\/news\/wp-content\/uploads\/sites\/12\/2022\/07\/coffee2-1536x1152.jpg 1536w, https:\/\/mitchellhamline.edu\/news\/wp-content\/uploads\/sites\/12\/2022\/07\/coffee2-2048x1536.jpg 2048w\" sizes=\"auto, (max-width: 300px) 100vw, 300px\" \/><p id=\"caption-attachment-18558\" class=\"wp-caption-text\">The law-themed menu at Abogados Cafe.<\/p><\/div>\n<p>The caf\u00e9, at 1053 Dale St. N, currently only offers items for take-out, but there are plans to offer in-person seating soon. In addition to decorating the space with art and designs from Latin America, the menu offers a hat tip to their legal careers. Here, \u201cmotion granted\u201d is a latte you can order with sweet coconut. Or, if you prefer cayenne and Ceylon cinnamon, try the \u201cfearless lawtte.\u201d<\/p>\n<p><a href=\"https:\/\/www.coffeeinlaw.com\/\" target=\"_blank\" rel=\"noopener\">Read more about the shop, including hours.<\/a><\/p>\n<p><a href=\"https:\/\/www.twincities.com\/2022\/06\/29\/new-coffee-shop-in-st-pauls-como-park-celebrates-owners-latin-american-heritage-legal-backgrounds\/\" target=\"_blank\" rel=\"noopener\">New coffee shop in St. Paul\u2019s Como Park celebrates owners\u2019 Latin American heritage, legal backgrounds<\/a> (St. Paul Pioneer Press)<\/p>\n<p><a href=\"https:\/\/bringmethenews.com\/minnesota-lifestyle\/abogados-caf%C3%A9-brings-organic-latin-american-coffee-to-st-paul\" target=\"_blank\" rel=\"noopener\">Abogados Cafe brings organic, Latin American coffee to St. Paul<\/a> (Bring Me The News)<\/p>\n<p>Inti Martinez-Alem\u00e1n also was interviewed earlier this year on the Spanish-language news outlet El Minnesota de Hoy about his life and career in the law:<\/p>\n<div class=\"embed-max-wrapper\">\n<div class=\"embed-container\"><iframe loading=\"lazy\" title=\"MITCHELL HAMLINE - ENTREVISTA CON ABOGADO INTI MARTINEZ-ALEMAN\" width=\"800\" height=\"450\" src=\"https:\/\/www.youtube.com\/embed\/tP2-CXcDes0?feature=oembed\" frameborder=\"0\" allow=\"accelerometer; autoplay; clipboard-write; encrypted-media; gyroscope; picture-in-picture\" allowfullscreen><\/iframe><\/div>\n<\/div>\n","protected":false},"excerpt":{"rendered":"<p>A married couple who both attended Mitchell Hamline recently opened what they believe might be the first law-themed coffee shop in the country. Using the Spanish word for \u201clawyers,\u201d Abogados Caf\u00e9 sits below the law office Inti Martinez-Alem\u00e1n \u201916 and Ofelia Ponce \u201919 run in the Como Park neighborhood of St. Paul. The idea for &hellip; <\/p>\n<p><a href=\"https:\/\/mitchellhamline.edu\/news\/2022\/07\/05\/alum-couple-opens-law-themed-coffee-shop\/\" class=\"more-link\">Alum couple opens law-themed coffee shop<\/a><\/p>\n","protected":false},"author":5668,"featured_media":18555,"comment_status":"closed","ping_status":"open","sticky":false,"template":"","format":"standard","meta":{"_acf_changed":false,"_genesis_hide_title":false,"_genesis_hide_breadcrumbs":false,"_genesis_hide_singular_image":false,"_genesis_hide_footer_widgets":false,"_genesis_custom_body_class":"","_genesis_custom_post_class":"","_genesis_layout":"","footnotes":""},"categories":[21,3,5],"tags":[456,28,455,34,453,454],"class_list":{"0":"post-18554","1":"post","2":"type-post","3":"status-publish","4":"format-standard","5":"has-post-thumbnail","7":"category-alumni","8":"category-features","9":"category-news","10":"tag-abogados-cafe","11":"tag-alumni","12":"tag-coffee-shop","13":"tag-immigration-law","14":"tag-inti-martinez-aleman","15":"tag-ofelia-ponce","16":"entry"},"acf":[],"_links":{"self":[{"href":"https:\/\/mitchellhamline.edu\/news\/wp-json\/wp\/v2\/posts\/18554","targetHints":{"allow":["GET"]}}],"collection":[{"href":"https:\/\/mitchellhamline.edu\/news\/wp-json\/wp\/v2\/posts"}],"about":[{"href":"https:\/\/mitchellhamline.edu\/news\/wp-json\/wp\/v2\/types\/post"}],"author":[{"embeddable":true,"href":"https:\/\/mitchellhamline.edu\/news\/wp-json\/wp\/v2\/users\/5668"}],"replies":[{"embeddable":true,"href":"https:\/\/mitchellhamline.edu\/news\/wp-json\/wp\/v2\/comments?post=18554"}],"version-history":[{"count":0,"href":"https:\/\/mitchellhamline.edu\/news\/wp-json\/wp\/v2\/posts\/18554\/revisions"}],"wp:featuredmedia":[{"embeddable":true,"href":"https:\/\/mitchellhamline.edu\/news\/wp-json\/wp\/v2\/media\/18555"}],"wp:attachment":[{"href":"https:\/\/mitchellhamline.edu\/news\/wp-json\/wp\/v2\/media?parent=18554"}],"wp:term":[{"taxonomy":"category","embeddable":true,"href":"https:\/\/mitchellhamline.edu\/news\/wp-json\/wp\/v2\/categories?post=18554"},{"taxonomy":"post_tag","embeddable":true,"href":"https:\/\/mitchellhamline.edu\/news\/wp-json\/wp\/v2\/tags?post=18554"}],"curies":[{"name":"wp","href":"https:\/\/api.w.org\/{rel}","templated":true}]}}